{"id":3741,"date":"2020-06-06T16:02:14","date_gmt":"2020-06-06T16:02:14","guid":{"rendered":"https:\/\/www.gonzalochillida.com\/2020\/06\/06\/before-the-horizon\/"},"modified":"2020-10-22T09:39:07","modified_gmt":"2020-10-22T09:39:07","slug":"before-the-horizon","status":"publish","type":"post","link":"https:\/\/gonzalochillida.com\/es\/2020\/06\/06\/before-the-horizon\/","title":{"rendered":"Before the horizon"},"content":{"rendered":"<p style=\"margin-bottom: 40px\">Gonzalo Chillida. <em>Marina<\/em>, 1978. \u00d3leo\/Tela. 61 x 61 cm.<\/p>\n<div class=\"video-limiter\">\n<div class=\"video-container\"><iframe loading=\"lazy\" title=\"Ante el horizonte. Declaraciones de Martina Mill\u00e0, comisaria de la exposici\u00f3n\" width=\"500\" height=\"281\" src=\"https:\/\/www.youtube.com\/embed\/xYoYORZS0YY?feature=oembed\" frameborder=\"0\" allow=\"accelerometer; autoplay; clipboard-write; encrypted-media; gyroscope; picture-in-picture; web-share\" referrerpolicy=\"strict-origin-when-cross-origin\" allowfullscreen><\/iframe><\/div>\n<\/div>\n<p><img loading=\"lazy\" decoding=\"async\" class=\"alignnone wp-image-2563\" src=\"https:\/\/www.gonzalochillida.com\/wp-content\/uploads\/2020\/07\/fundacion-joan-miro.png\" alt=\"\" width=\"228\" height=\"93\" \/><\/p>\n<p><a href=\"https:\/\/www.fmirobcn.org\/es\/exposiciones\/5147\/ante-el-horizonte\" target=\"_blank\" rel=\"noopener noreferrer\">Fundaci\u00f3 Joan Mir\u00f3<\/a>. Barcelona.<\/p>\n<p><a href=\"https:\/\/elpais.com\/cultura\/2013\/10\/22\/actualidad\/1382469712_188974.html\" target=\"_blank\" rel=\"noopener noreferrer\">El horizonte como una de las bellas artes<\/a> &#8211; El Pa\u00eds.<br \/>\n<a href=\"https:\/\/www.abc.es\/cultura\/arte\/20131023\/abci-calder-miro-perejaume-magritte-201310222000.html\" target=\"_blank\" rel=\"noopener noreferrer\">Calder, Mir\u00f3, Perejaume, Magritte, Klein y Hockney miran al horizonte<\/a> &#8211; ABC.<\/p>\n","protected":false},"excerpt":{"rendered":"<p>Gonzalo Chillida. Marina, 1978. \u00d3leo\/Tela. 61 x 61 cm. Fundaci\u00f3 Joan Mir\u00f3. Barcelona. El horizonte como una de las bellas artes &#8211; El Pa\u00eds. Calder, Mir\u00f3, Perejaume, Magritte, Klein y Hockney miran al horizonte &#8211; ABC.<\/p>\n","protected":false},"author":1,"featured_media":3864,"comment_status":"open","ping_status":"open","sticky":false,"template":"","format":"standard","meta":{"_monsterinsights_skip_tracking":false,"_monsterinsights_sitenote_active":false,"_monsterinsights_sitenote_note":"","_monsterinsights_sitenote_category":0,"footnotes":""},"categories":[1],"tags":[],"class_list":["post-3741","post","type-post","status-publish","format-standard","has-post-thumbnail","hentry","category-sin-categorizar"],"_links":{"self":[{"href":"https:\/\/gonzalochillida.com\/es\/wp-json\/wp\/v2\/posts\/3741","targetHints":{"allow":["GET"]}}],"collection":[{"href":"https:\/\/gonzalochillida.com\/es\/wp-json\/wp\/v2\/posts"}],"about":[{"href":"https:\/\/gonzalochillida.com\/es\/wp-json\/wp\/v2\/types\/post"}],"author":[{"embeddable":true,"href":"https:\/\/gonzalochillida.com\/es\/wp-json\/wp\/v2\/users\/1"}],"replies":[{"embeddable":true,"href":"https:\/\/gonzalochillida.com\/es\/wp-json\/wp\/v2\/comments?post=3741"}],"version-history":[{"count":19,"href":"https:\/\/gonzalochillida.com\/es\/wp-json\/wp\/v2\/posts\/3741\/revisions"}],"predecessor-version":[{"id":3858,"href":"https:\/\/gonzalochillida.com\/es\/wp-json\/wp\/v2\/posts\/3741\/revisions\/3858"}],"wp:featuredmedia":[{"embeddable":true,"href":"https:\/\/gonzalochillida.com\/es\/wp-json\/wp\/v2\/media\/3864"}],"wp:attachment":[{"href":"https:\/\/gonzalochillida.com\/es\/wp-json\/wp\/v2\/media?parent=3741"}],"wp:term":[{"taxonomy":"category","embeddable":true,"href":"https:\/\/gonzalochillida.com\/es\/wp-json\/wp\/v2\/categories?post=3741"},{"taxonomy":"post_tag","embeddable":true,"href":"https:\/\/gonzalochillida.com\/es\/wp-json\/wp\/v2\/tags?post=3741"}],"curies":[{"name":"wp","href":"https:\/\/api.w.org\/{rel}","templated":true}]}}